{"id":282,"date":"2025-07-27T09:32:02","date_gmt":"2025-07-27T07:32:02","guid":{"rendered":"https:\/\/dai-elementor-transfer.test\/?p=282"},"modified":"2025-07-27T09:32:02","modified_gmt":"2025-07-27T07:32:02","slug":"positionspapier-geoinformationen","status":"publish","type":"post","link":"https:\/\/dai.knappkonzepte.de\/?p=282","title":{"rendered":"Geoinformationen als Schl\u251c\u255dsselressource f\u251c\u255dr unsere Transformation"},"content":{"rendered":"\n<p class=\"has-medium-font-size\"><strong>Geoinformationen als strategisches Gut verstehen: Positionspapier der Branche adressiert an die Politik, dass die brennenden gesellschaftlichen Themen wie Klimawandel und Energiewende nur datengetrieben gel\u251c\u00c2st werden k\u251c\u00c2nnen. <\/strong><\/p>\n\n\n\n<p>Zahlreiche Verb\u251c\u00f1nde der Geoinformationsbranche wie beispielsweise der Bund der \u251c\u00fbffentlich bestellten Vermessungsingenieure e.V. (BDVI) oder die Deutsche Gesellschaft f\u251c\u255dr Kartographie haben gemeinsam unter dem<a href=\"http:\/\/www.ddgi.de\"> Deutschen Dachverband f\u251c\u255dr Geoinformation, kurz DDGI<\/a> ein Positionspapier f\u251c\u255dr Geoinformationen zur 21. Legislaturperiode ver\u251c\u00c2ffentlicht. Es setzt konkrete Impulse f\u251c\u255dr eine resiliente, digitale und nachhaltige Zukunft.<br><br>Die zentralen Forderungen:<br>\u00d4\u00a3\u00e0 Geoinformation als strategisches Gut verstehen &amp; verankern.<br>\u00d4\u00a3\u00e0 Den Digitalen Zwilling unserer Welt auf Basis von Geodaten gesetzlich integrieren.<br>\u00d4\u00a3\u00e0 Raumbezogene Daten f\u251c\u255dr Klimaschutz &amp; Energieplanung verpflichtend nutzen.<br>\u00d4\u00a3\u00e0 Open Geodata durch Rechtsanspruch und Standardisierung erm\u251c\u00c2glichen.<br>\u00d4\u00a3\u00e0 Bildung, Forschung und Fachkr\u251c\u00f1fte gezielt f\u251c\u00c2rdern.<br><br>Der Vorstand und CEO des <a href=\"https:\/\/dai.knappkonzepte.de\/index.php\/ueber\/\">data analytics institute<\/a>, Michael Herter, ist Beirat im DDGI und unterst\u251c\u255dtzt ausdr\u251c\u255dcklich die gezielte Erfassung unserer Welt als Digitaler Zwilling. Er stellt die Basis f\u251c\u255dr den strategischen Einsatz von Geodaten gem\u251c\u00f1\u251c\u0192 der <a href=\"https:\/\/de.wikipedia.org\/wiki\/Datenverordnung\">EU-Datennutzung (EU Data Act).<\/a> <\/p>\n\n\n\n<p class=\"has-medium-font-size\"><strong>Geoinformationsbranche will aktiv unterst\u251c\u255dtzen<\/strong><\/p>\n\n\n\n<p>Die Herausforderungen unserer Zeit \u00d4\u00c7\u00f4 digitale Transformation, geopolitische Unsicherheiten, Klimawandel, Energiewende \u00d4\u00c7\u00f4 erfordern belastbare und raumbezogene<br>Entscheidungsgrundlagen. Das Positionspapier formuliert konkrete Forderungen an die neue Bundesregierung, um die Potenziale von Geoinformation gezielt f\u251c\u255dr die n\u251c\u00f1chste Legislaturperiode zu erschlie\u251c\u0192en.<\/p>\n\n\n\n<p>Die Geoinformationsbranche steht bereit, daf\u251c\u255dr ihre hohe Expertise aktiv einzubringen. Sie m\u251c\u00c2chte damit eine moderne Verwaltung, nachhaltige Entwicklung und digitale Souver\u251c\u00f1nit\u251c\u00f1t gew\u251c\u00f1hrleisten. Die Branche bietet konkrete, technologiegest\u251c\u255dtzte L\u251c\u00c2sungen zur Bew\u251c\u00f1ltigung zentraler Zukunftsfragen. Die Verb\u251c\u00f1nde fordern die Bundesregierung auf, ihre strategische Rolle anzuerkennen, gezielt zu f\u251c\u00c2rdern und in die gesetzgeberischen, infrastrukturellen und digitalpolitischen Ma\u251c\u0192nahmen der Legislaturperiode zu integrieren.<\/p>\n\n\n\n<p>&#8222;Schlimm genug, dass sie \u251c\u255dberhaupt aktiv angeboten werden muss&#8220;, erg\u251c\u00f1nzt Herter, denn immerhin ist die politische Bedeutung von Daten bereits auf EU-Ebene seit 2014 klar verankert und sollte <a href=\"https:\/\/eur-lex.europa.eu\/legal-content\/DE\/TXT\/PDF\/?uri=CELEX:52014DC0442\">&#8222;f\u251c\u255dr eine florierende datengesteuerte Wirtschaft<\/a>&#8220; auch umgesetzt werden. Nur passiert ist seitdem wenig. <br><br>Hier geht&#8217;s zum Positionspapier f\u251c\u255dr Geoinformationen:<br><a href=\"https:\/\/lnkd.in\/e3GaEVmc\">https:\/\/lnkd.in\/e3GaEVmc<\/a><\/p>\n\n\n\n<p class=\"has-medium-font-size\"><strong>Kontakt<\/strong><\/p>\n\n\n\n<p><a href=\"mailto:presse@dai.institute\">presse@dai.institute<\/a><\/p>\n\n\n\n<p><\/p>\n","protected":false},"excerpt":{"rendered":"<p>Geoinformationen als strategisches Gut verstehen: Positionspapier der Branche adressiert an die Politik, dass die brennenden gesellschaftlichen Themen wie Klimawandel und Energiewende nur datengetrieben gel\u251c\u00c2st werden k\u251c\u00c2nnen. Zahlreiche Verb\u251c\u00f1nde der Geoinformationsbranche wie beispielsweise der Bund der \u251c\u00fbffentlich bestellten Vermessungsingenieure e.V. (BDVI) oder die Deutsche Gesellschaft f\u251c\u255dr Kartographie haben gemeinsam unter dem Deutschen Dachverband f\u251c\u255dr Geoinformation, kurz [&hellip;]<\/p>\n","protected":false},"author":2,"featured_media":283,"comment_status":"closed","ping_status":"open","sticky":false,"template":"","format":"standard","meta":{"footnotes":""},"categories":[3,5,7,11,45,17,19],"tags":[43,44,46,47,48,49],"class_list":["post-282","post","type-post","status-publish","format-standard","has-post-thumbnail","hentry","category-analytics","category-data","category-data-science","category-dateninstitut","category-geodaten","category-private-data","category-public-data","tag-dachverband-fuer-geoinformation","tag-ddgi","tag-geoinforamtionsbranche","tag-geoinformation","tag-positionspapier","tag-transformation"],"_links":{"self":[{"href":"https:\/\/dai.knappkonzepte.de\/index.php?rest_route=\/wp\/v2\/posts\/282","targetHints":{"allow":["GET"]}}],"collection":[{"href":"https:\/\/dai.knappkonzepte.de\/index.php?rest_route=\/wp\/v2\/posts"}],"about":[{"href":"https:\/\/dai.knappkonzepte.de\/index.php?rest_route=\/wp\/v2\/types\/post"}],"author":[{"embeddable":true,"href":"https:\/\/dai.knappkonzepte.de\/index.php?rest_route=\/wp\/v2\/users\/2"}],"replies":[{"embeddable":true,"href":"https:\/\/dai.knappkonzepte.de\/index.php?rest_route=%2Fwp%2Fv2%2Fcomments&post=282"}],"version-history":[{"count":0,"href":"https:\/\/dai.knappkonzepte.de\/index.php?rest_route=\/wp\/v2\/posts\/282\/revisions"}],"wp:featuredmedia":[{"embeddable":true,"href":"https:\/\/dai.knappkonzepte.de\/index.php?rest_route=\/"}],"wp:attachment":[{"href":"https:\/\/dai.knappkonzepte.de\/index.php?rest_route=%2Fwp%2Fv2%2Fmedia&parent=282"}],"wp:term":[{"taxonomy":"category","embeddable":true,"href":"https:\/\/dai.knappkonzepte.de\/index.php?rest_route=%2Fwp%2Fv2%2Fcategories&post=282"},{"taxonomy":"post_tag","embeddable":true,"href":"https:\/\/dai.knappkonzepte.de\/index.php?rest_route=%2Fwp%2Fv2%2Ftags&post=282"}],"curies":[{"name":"wp","href":"https:\/\/api.w.org\/{rel}","templated":true}]}}