{"id":396,"date":"2025-09-22T13:59:28","date_gmt":"2025-09-22T11:59:28","guid":{"rendered":"https:\/\/dai-elementor-transfer.test\/?p=396"},"modified":"2025-09-22T13:59:28","modified_gmt":"2025-09-22T11:59:28","slug":"apotheken-sterben-aber-nicht-ueberall","status":"publish","type":"post","link":"https:\/\/dai.knappkonzepte.de\/?p=396","title":{"rendered":"Apotheken sterben, aber nicht \u251c\u255dberall"},"content":{"rendered":"\n<p>In Deutschland grassiert das Apothekensterben. Zur Jahresmitte 2025 gab es nur noch 16.803 Apotheken in Deutschland \u00d4\u00c7\u00f4 das sind 238 Apotheken weniger als zum Jahresende 2024 (17.041), so meldet es die <a href=\"https:\/\/www.abda.de\/aktuelles-und-presse\/pressemitteilungen\/detail\/apothekenzahl-sinkt-weiter-1\/\">Bundesvereinigung Deutscher Apothekerverb\u251c\u00f1nde<\/a> und betont \u251c\u255dber ihren Pr\u251c\u00f1sidenten \u00d4\u00c7\u00d7Die Zahl der Apotheken geht weiter zur\u251c\u255dck \u00d4\u00c7\u00f4 und f\u251c\u255dr viele Menschen werden deshalb die Wege zur n\u251c\u00f1chsten Apotheke immer weiter\u00d4\u00c7\u00a3. Wo Apotheken verschwinden, kommen Probleme.<\/p>\n\n\n\n<p>Schaut man jedoch genauer hin, erkennt man regional wie lokal deutliche Unterschiede. F\u251c\u255dr entsprechende Versorgungsanalysen bietet nun das <a href=\"https:\/\/dai.knappkonzepte.de\/index.php\/ueber\/\">data analytics institute (dai)<\/a> einen Daten-Service, bei dem jedes Quartal alle noch aktiven Apothekenadressen standortgenau zur Verf\u251c\u255dgung gestellt werden. <\/p>\n\n\n\n<p class=\"has-medium-font-size\"><strong>Regionale wie lokale Unterschiede beim Apothekensterben<\/strong><\/p>\n\n\n\n<p>Wie der WDR erst k\u251c\u255drzlich in seinem Beitrag <a href=\"https:\/\/www1.wdr.de\/nachrichten\/apotheken-sterben-apothekertag-krise-verband-100.html\">Apothekensterben? So geht es Apotheken in NRW<\/a> aktuell berichtet liegt D\u251c\u255dsseldorf beim Apothekensterben in NRW an der traurigen Spitze mit 4 Schlie\u251c\u0192ungen dagegen Hagen und Rhein-Sieg-Kreis mit keiner einzigen (vgl. Tabelle, Quelle WDR).<\/p>\n\n\n\n<figure class=\"wp-block-table\"><table class=\"has-fixed-layout\"><thead><tr><th>Stadt\/Landkreis<\/th><th>2. Halbjahr 2024<\/th><th>1. Halbjahr 2025<\/th><th>Neuer\u251c\u00c2ffnungen<\/th><\/tr><\/thead><tbody><tr><td>Dortmund<\/td><td>113<\/td><td>110<\/td><td>1<\/td><\/tr><tr><td>D\u251c\u255dsseldorf<\/td><td>151<\/td><td>147<\/td><td>0<\/td><\/tr><tr><td>Rhein-Erft-Kreis<\/td><td>89<\/td><td>90<\/td><td>1<\/td><\/tr><tr><td>Hagen<\/td><td>28<\/td><td>28<\/td><td>0<\/td><\/tr><tr><td>M\u251c\u255dnster<\/td><td>79<\/td><td>78<\/td><td>0<\/td><\/tr><tr><td>Rhein-Sieg-Kreis<\/td><td>127<\/td><td>127<\/td><td>0<\/td><\/tr><\/tbody><\/table><\/figure>\n\n\n\n<p>F\u251c\u255dr Versorgungsanalysen, d.h. Wegezeiten und Einzugsgebieten ist r\u251c\u00f1umlich eine deutlich detailliertere Betrachtung notwendig.<\/p>\n\n\n\n<p class=\"has-medium-font-size\"><strong>Beispiel Apothekenstreben im Stadtteil M\u251c\u00c2rsenbroich (D\u251c\u255dsseldorf)<\/strong><\/p>\n\n\n\n<figure class=\"wp-block-image size-large\"><img decoding=\"async\" src=\"https:\/\/dai.knappkonzepte.de\/wp-content\/uploads\/2025\/09\/apotheke_moersenbroich-1024x506.jpg\" alt=\"\" class=\"wp-image-400\"\/><\/figure>\n\n\n\n<p>Im Januar 2025 musste die M\u251c\u00c2rsenbroicher Apotheke schlie\u251c\u0192en (siehe Screenshot, Quelle Google Maps). Dies folgt einem Trend im Stadtviertel <a href=\"https:\/\/www.nrz.de\/lokales\/duesseldorf\/article408252659\/leerstand-an-der-muensterstrasse-man-fuehlt-sich-abgehaengt.html\">Leerstand an der M\u251c\u255dnsterstra\u251c\u0192e in D\u251c\u255dsseldorf: \u00d4\u00c7\u00d7Man f\u251c\u255dhlt sich abgeh\u251c\u00f1ngt\u00d4\u00c7\u00a3<\/a>. Hier traf es zuvor schon die Forum Apotheke, nur weniger hundert Meter entfernt. <\/p>\n\n\n\n<p class=\"has-medium-font-size\"><strong>Datendienst Apothekenadressen mit Standorten<\/strong><\/p>\n\n\n\n<p>F\u251c\u255dr allgemeine wie fortgeschrittene Versorgungsanalysen bietet das data analytics institute (dai) ab sofort einen Datendienst, der auf Wunsch quartalsweise alle aktiven Apotheken meldet.<\/p>\n\n\n\n<p>Kontakt<\/p>\n\n\n\n<p><a href=\"\/presse@dai.instutute\"> presse@dai.institute<\/a><\/p>\n\n\n\n<p><\/p>\n","protected":false},"excerpt":{"rendered":"<p>In Deutschland grassiert das Apothekensterben. Zur Jahresmitte 2025 gab es nur noch 16.803 Apotheken in Deutschland \u00d4\u00c7\u00f4 das sind 238 Apotheken weniger als zum Jahresende 2024 (17.041), so meldet es die Bundesvereinigung Deutscher Apothekerverb\u251c\u00f1nde und betont \u251c\u255dber ihren Pr\u251c\u00f1sidenten \u00d4\u00c7\u00d7Die Zahl der Apotheken geht weiter zur\u251c\u255dck \u00d4\u00c7\u00f4 und f\u251c\u255dr viele Menschen werden deshalb die Wege [&hellip;]<\/p>\n","protected":false},"author":2,"featured_media":397,"comment_status":"closed","ping_status":"closed","sticky":false,"template":"","format":"standard","meta":{"footnotes":""},"categories":[3,5,45,60],"tags":[59,12,61],"class_list":["post-396","post","type-post","status-publish","format-standard","has-post-thumbnail","hentry","category-analytics","category-data","category-geodaten","category-health-care","tag-apothekenstandorte","tag-dateninstitut","tag-poi-daten"],"_links":{"self":[{"href":"https:\/\/dai.knappkonzepte.de\/index.php?rest_route=\/wp\/v2\/posts\/396","targetHints":{"allow":["GET"]}}],"collection":[{"href":"https:\/\/dai.knappkonzepte.de\/index.php?rest_route=\/wp\/v2\/posts"}],"about":[{"href":"https:\/\/dai.knappkonzepte.de\/index.php?rest_route=\/wp\/v2\/types\/post"}],"author":[{"embeddable":true,"href":"https:\/\/dai.knappkonzepte.de\/index.php?rest_route=\/wp\/v2\/users\/2"}],"replies":[{"embeddable":true,"href":"https:\/\/dai.knappkonzepte.de\/index.php?rest_route=%2Fwp%2Fv2%2Fcomments&post=396"}],"version-history":[{"count":0,"href":"https:\/\/dai.knappkonzepte.de\/index.php?rest_route=\/wp\/v2\/posts\/396\/revisions"}],"wp:featuredmedia":[{"embeddable":true,"href":"https:\/\/dai.knappkonzepte.de\/index.php?rest_route=\/"}],"wp:attachment":[{"href":"https:\/\/dai.knappkonzepte.de\/index.php?rest_route=%2Fwp%2Fv2%2Fmedia&parent=396"}],"wp:term":[{"taxonomy":"category","embeddable":true,"href":"https:\/\/dai.knappkonzepte.de\/index.php?rest_route=%2Fwp%2Fv2%2Fcategories&post=396"},{"taxonomy":"post_tag","embeddable":true,"href":"https:\/\/dai.knappkonzepte.de\/index.php?rest_route=%2Fwp%2Fv2%2Ftags&post=396"}],"curies":[{"name":"wp","href":"https:\/\/api.w.org\/{rel}","templated":true}]}}