{"id":405,"date":"2025-10-04T09:52:48","date_gmt":"2025-10-04T07:52:48","guid":{"rendered":"https:\/\/dai-elementor-transfer.test\/?p=405"},"modified":"2025-10-04T09:52:48","modified_gmt":"2025-10-04T07:52:48","slug":"kurt-schumacher-str-2","status":"publish","type":"post","link":"https:\/\/dai.knappkonzepte.de\/?p=405","title":{"rendered":"Kurt-Schumacher-Str. 2 &#8211; das Dateninstitut in neuen, ehrw\u251c\u255drdigen R\u251c\u00f1umen mit klarer Wachstumsstrategie"},"content":{"rendered":"\n<p>01. Oktober 2025. Die data analytics institute AG verlegt ihren Hauptsitz in die ehrw\u251c\u255drdigen R\u251c\u00f1ume der Kurt-Schumacher-Str. 2 in Bonn und setzt damit ihre klare Wachstumsstrategie weiter um. Damit verbunden starten drei weitere Data Science Profis, um den inhaltlichen Aufbau des Dateninstituts voranzutreiben. <\/p>\n\n\n\n<p class=\"has-medium-font-size\"><strong>Neue Data Science Profis nehmen ihre Arbeit auf<\/strong><\/p>\n\n\n\n<p>Mit Beatrice Nolte (Mitte) gewinnt die dai eine der erfahrensten Spezialistinnen f\u251c\u255dr Marktdaten und Mikrogeographie. Die gelernte Volkswirtin betreute zuletzt die Entwicklung entscheidender Kennziffern f\u251c\u255dr Energiebranche und Bundespolitik. Sebastian Hugo (2. vr), ebenfalls Volkswirt, ist Datenbankspezialist und wird das neue Datenmodell <a href=\"https:\/\/dai.knappkonzepte.de\/index.php\/2025\/07\/07\/twin-digitaler-zwilling\/\">TWIN<\/a> gemeinsam mit Jens Gladis (Dipl. Geod\u251c\u00f1t, 2. vl) zum Leben erwecken.<\/p>\n\n\n\n<figure class=\"wp-block-image size-large\"><img decoding=\"async\" src=\"https:\/\/dai.knappkonzepte.de\/wp-content\/uploads\/2025\/10\/team_foto-1024x790.jpg\" alt=\"\" class=\"wp-image-407\"\/><figcaption class=\"wp-element-caption\">Das Team wird in den neuen R\u251c\u00f1umlichkeiten der Kurt-Schumacher-Str. 2 begr\u251c\u255d\u251c\u0192t vom Vorstandsvorsitzenden Bj\u251c\u00c2rn Schmidt (Mitte) und Aufsichtsr\u251c\u00f1tin \u251c\u00fbzlem Doger-Herter (links).<\/figcaption><\/figure>\n\n\n\n<p><h3><strong>Die ehrw\u251c\u255drdigen R\u251c\u00f1ume der Kurt-Schumacher-Str. 2 und ihre (politische) Geschichte<\/strong><\/h3><\/p>\n\n\n\n<p>&#8222;Dieser Konferenzraum hatte eine Live-Schalte in den Bundestag&#8220;, berichtet der Vermieter Dr. Sch\u251c\u00c2nborn. &#8222;Hier sa\u251c\u0192en die gro\u251c\u0192en Tages- und Wochenzeitungen&#8220;. Die Villa liegt am Ende der Stra\u251c\u0192e des Posttowers, stellt aber den Beginn dar, direkt gegen\u251c\u255dber vom Platz der Vereinten Nationen (UN-Geb\u251c\u00f1ude) und dem alten Bundestag bzw. dem heutigen World-Conference-Center.<\/p>\n\n\n\n<p>Nachdem\u252c\u00e1<a href=\"https:\/\/de.wikipedia.org\/wiki\/Bonn\">Bonn<\/a>\u252c\u00e11949 Regierungssitz der Bundesrepublik Deutschland wurde, befand sich die Villa inmitten des neuen\u252c\u00e1<a href=\"https:\/\/de.wikipedia.org\/wiki\/Bundesviertel\">Parlaments- und Regierungsviertels<\/a>, unmittelbar s\u251c\u255ddlich des\u252c\u00e1<a href=\"https:\/\/de.wikipedia.org\/wiki\/Bundeshaus_(Bonn)\">Bundeshauses<\/a>. Das Erdgeschoss der Halbvilla Heussallee 40 wurde sp\u251c\u00f1testens im Dezember 1951 vom Bund \u251c\u255dbernommen, der dieses nun von der\u252c\u00e1<a href=\"https:\/\/de.wikipedia.org\/wiki\/Bundesbaudirektion\">Bundesbaudirektion<\/a>\u252c\u00e1in zwei Wohnungen aufzuteilen beabsichtigte. Die Halbvilla Kurt-Schumacher-Stra\u251c\u0192e 2, deren Dachgeschoss ab 1951 erneut eine eigene Wohnung bildete, diente sp\u251c\u00f1ter als Sitz eines\u252c\u00e1<a href=\"https:\/\/de.wikipedia.org\/wiki\/Presseb%C3%BCro\">Presseb\u251c\u255dros<\/a>. Im April 1969 richtete in der Heussallee 40 die\u252c\u00e1<a href=\"https:\/\/de.wikipedia.org\/wiki\/Mittelstands-_und_Wirtschaftsvereinigung\">Mittelstands- und Wirtschaftsvereinigung<\/a>\u252c\u00e1der\u252c\u00e1<a href=\"https:\/\/de.wikipedia.org\/wiki\/Christlich_Demokratische_Union\">CDU<\/a>\/<a href=\"https:\/\/de.wikipedia.org\/wiki\/Christlich-Soziale_Union_in_Bayern\">CSU<\/a>\u252c\u00e1ihre erste Bundesgesch\u251c\u00f1ftsstelle ein und blieb dort bis zur\u252c\u00e1<a href=\"https:\/\/de.wikipedia.org\/wiki\/Hauptstadtbeschluss\">Verlegung des Regierungssitzes<\/a>\u252c\u00e1nach\u252c\u00e1<a href=\"https:\/\/de.wikipedia.org\/wiki\/Berlin\">Berlin<\/a>\u252c\u00e1(1999) ans\u251c\u00f1ssig.\u252c\u00e1Das Dachgeschoss dieser Haush\u251c\u00f1lfte wurde mindestens bis 1972 durch den\u252c\u00e1<a href=\"https:\/\/de.wikipedia.org\/wiki\/Deutscher_Bundestag\">Deutschen Bundestag<\/a>\u252c\u00e1zu B\u251c\u255drozwecken genutzt. Heute dient die Halbvilla Kurt-Schumacher-Str. 2 unter dem Namen\u252c\u00e1<em>House of Consulting<\/em>\u252c\u00e1als Sitz verschiedener Organisationen (Quelle: <a href=\"https:\/\/de.wikipedia.org\/wiki\/Kurt-Schumacher-Stra%C3%9Fe_2\/Heussallee_40\">Kurt-Schumacher-Str. 2 \/ Heussallee 40 \u00d4\u00c7\u00f4 Wikipedia<\/a>)<\/p>\n\n\n\n<figure class=\"wp-block-image size-large\"><img decoding=\"async\" src=\"https:\/\/dai.knappkonzepte.de\/wp-content\/uploads\/2025\/10\/platz-der-vereinten-nationen-1-1024x236.jpg\" alt=\"\" class=\"wp-image-409\"\/><figcaption class=\"wp-element-caption\">Platz der Vereinten Nationen (360-Grad-Blick): Im Zentrum steht die Doppelhaus-Villa der Kurt-Schumacher-Str. 2 und Heussallee 40.<\/figcaption><\/figure>\n\n\n\n<p><br><strong>Dateninstitut dai mit klarer Ausrichtung und Wachstumsstrategie<\/strong><\/p>\n\n\n\n<p>Nicht zuletzt das in Kraft treten des EU Data Acts am 12. September 2025 zeigt die Notwendigkeit eine nachhaltige Daten\u251c\u00c2konomie in Europa und damit Deutschland zu etablieren. Das data analytics institute (dai) fungiert dabei als Intermediate zwischen Wirtschaft, Wissenschaft und \u251c\u00fbffentlichem Sektor, um Politik und damit Gesellschaft den Zugriff auf relevante Nutzen zu erm\u251c\u00c2glichen. Verwirklicht wird das mit dem neuartigen und mehrdimensionalen Datenbankmodell TWIN sowie der Datenplattform daia-x.    <\/p>\n\n\n\n<p><strong>Kontakt<\/strong><\/p>\n\n\n\n<p>presse@dai.institute<\/p>\n\n\n\n<p><\/p>\n","protected":false},"excerpt":{"rendered":"<p>01. Oktober 2025. Die data analytics institute AG verlegt ihren Hauptsitz in die ehrw\u251c\u255drdigen R\u251c\u00f1ume der Kurt-Schumacher-Str. 2 in Bonn und setzt damit ihre klare Wachstumsstrategie weiter um. Damit verbunden starten drei weitere Data Science Profis, um den inhaltlichen Aufbau des Dateninstituts voranzutreiben. Neue Data Science Profis nehmen ihre Arbeit auf Mit Beatrice Nolte (Mitte) [&hellip;]<\/p>\n","protected":false},"author":2,"featured_media":406,"comment_status":"closed","ping_status":"closed","sticky":false,"template":"","format":"standard","meta":{"footnotes":""},"categories":[11],"tags":[12,62,63],"class_list":["post-405","post","type-post","status-publish","format-standard","has-post-thumbnail","hentry","category-dateninstitut","tag-dateninstitut","tag-twin","tag-wachstumsstrategie"],"_links":{"self":[{"href":"https:\/\/dai.knappkonzepte.de\/index.php?rest_route=\/wp\/v2\/posts\/405","targetHints":{"allow":["GET"]}}],"collection":[{"href":"https:\/\/dai.knappkonzepte.de\/index.php?rest_route=\/wp\/v2\/posts"}],"about":[{"href":"https:\/\/dai.knappkonzepte.de\/index.php?rest_route=\/wp\/v2\/types\/post"}],"author":[{"embeddable":true,"href":"https:\/\/dai.knappkonzepte.de\/index.php?rest_route=\/wp\/v2\/users\/2"}],"replies":[{"embeddable":true,"href":"https:\/\/dai.knappkonzepte.de\/index.php?rest_route=%2Fwp%2Fv2%2Fcomments&post=405"}],"version-history":[{"count":0,"href":"https:\/\/dai.knappkonzepte.de\/index.php?rest_route=\/wp\/v2\/posts\/405\/revisions"}],"wp:featuredmedia":[{"embeddable":true,"href":"https:\/\/dai.knappkonzepte.de\/index.php?rest_route=\/"}],"wp:attachment":[{"href":"https:\/\/dai.knappkonzepte.de\/index.php?rest_route=%2Fwp%2Fv2%2Fmedia&parent=405"}],"wp:term":[{"taxonomy":"category","embeddable":true,"href":"https:\/\/dai.knappkonzepte.de\/index.php?rest_route=%2Fwp%2Fv2%2Fcategories&post=405"},{"taxonomy":"post_tag","embeddable":true,"href":"https:\/\/dai.knappkonzepte.de\/index.php?rest_route=%2Fwp%2Fv2%2Ftags&post=405"}],"curies":[{"name":"wp","href":"https:\/\/api.w.org\/{rel}","templated":true}]}}